{"id":7445,"date":"2026-09-01T00:03:00","date_gmt":"2026-09-01T00:03:00","guid":{"rendered":"https:\/\/cisanewsletter.com\/index.php\/la-succession-politique-et-lavenir-de-la-democratie-en-afrique-de-louest-le-cas-de-talon-et-du-benin\/"},"modified":"2026-09-01T05:09:35","modified_gmt":"2026-09-01T05:09:35","slug":"la-succession-politique-et-lavenir-de-la-democratie-en-afrique-de-louest-le-cas-de-talon-et-du-benin","status":"publish","type":"post","link":"https:\/\/cisanewsletter.com\/fr\/index.php\/la-succession-politique-et-lavenir-de-la-democratie-en-afrique-de-louest-le-cas-de-talon-et-du-benin\/","title":{"rendered":"La succession politique et l&rsquo;avenir de la d\u00e9mocratie en Afrique de l&rsquo;Ouest : le cas de Talon et du B\u00e9nin"},"content":{"rendered":"\n<p class=\"wp-block-paragraph\"><strong>Introduction<\/strong> <\/p>\n\n<p class=\"wp-block-paragraph\">Le paysage ouest-africain, en mati\u00e8re de succession et de direction, \u00e9volue lentement et prend une tournure inqui\u00e9tante. L\u2019\u00e9lection, le 6 ao\u00fbt 2026, de l\u2019ancien pr\u00e9sident du B\u00e9nin, Patrice Talon, \u00e0 la pr\u00e9sidence du S\u00e9nat nouvellement cr\u00e9\u00e9 dans ce pays, repr\u00e9sente bien plus qu\u2019une simple \u00e9volution institutionnelle au B\u00e9nin. Il s\u2019agit d\u2019un \u00e9v\u00e9nement susceptible d\u2019avoir des implications importantes pour l\u2019avenir de la d\u00e9mocratie en Afrique de l\u2019Ouest.    <\/p>\n\n<p class=\"wp-block-paragraph\">Talon a \u00e9t\u00e9 \u00e9lu pr\u00e9sident du S\u00e9nat avec 24 voix sur les 25 exprim\u00e9es, quelques mois seulement apr\u00e8s avoir achev\u00e9 deux mandats pr\u00e9sidentiels et c\u00e9d\u00e9 la place \u00e0 son ancien ministre des Finances, Romuald Wadagni. Il est int\u00e9ressant de noter que M. Wadagni a remport\u00e9 l&rsquo;\u00e9lection pr\u00e9sidentielle d&rsquo;avril 2026 avec 94,27 % des voix (Abatan, 2026).   <\/p>\n\n<p class=\"wp-block-paragraph\">Si Talon avait cherch\u00e9 \u00e0 prolonger son mandat pr\u00e9sidentiel, cela aurait pos\u00e9 probl\u00e8me. Bien que ce fait soit significatif, cette \u00ab strat\u00e9gie de retour \u00bb a d\u00e9j\u00e0 \u00e9t\u00e9 observ\u00e9e au Togo et en C\u00f4te d\u2019Ivoire, ce qui renforce l\u2019id\u00e9e selon laquelle l\u2019instabilit\u00e9 politique et une r\u00e9gression d\u00e9mocratique sont possibles.   <\/p>\n\n<p class=\"wp-block-paragraph\">L&rsquo;Afrique de l&rsquo;Ouest, en particulier les anciennes colonies fran\u00e7aises, est prise dans cet enchev\u00eatrement o\u00f9 les coups d&rsquo;\u00c9tat militaires et la faiblesse des institutions permettent aux anciens pr\u00e9sidents de se maintenir au pouvoir. De toute \u00e9vidence, ce qui s&rsquo;est pass\u00e9 au B\u00e9nin, bien que formellement conforme \u00e0 la Constitution, a affaibli la concurrence politique, a conduit \u00e0 une manipulation des r\u00e8gles institutionnelles et semble concentrer le pouvoir politique autour des dirigeants en place et des partis au pouvoir (Arthur, 2025).   <\/p>\n\n<p class=\"wp-block-paragraph\"><strong>Les exemples de la C\u00f4te d&rsquo;Ivoire et du Togo<\/strong> <\/p>\n\n<p class=\"wp-block-paragraph\">Les \u00e9v\u00e9nements r\u00e9cents en C\u00f4te d\u2019Ivoire et au Togo constituent des \u00e9l\u00e9ments de contexte importants pour le d\u00e9bat actuel. En octobre 2025, le pr\u00e9sident Alassane Ouattara a remport\u00e9 un quatri\u00e8me mandat pr\u00e9sidentiel avec 89,77 % des voix. Les principales figures de l\u2019opposition, notamment l\u2019ancien pr\u00e9sident Laurent Gbagbo et l\u2019ancien dirigeant du Cr\u00e9dit Suisse Tidjane Thiam, ont \u00e9t\u00e9 exclues de la course \u00e0 la pr\u00e9sidence. L\u2019\u00e9lection s\u2019est donc d\u00e9roul\u00e9e dans un contexte o\u00f9 la concurrence significative de l\u2019opposition \u00e9tait fortement restreinte (Associated Press, 2025 ; Reuters, 2025).     <\/p>\n\n<p class=\"wp-block-paragraph\">Au Togo, Faure n\u2019a jamais v\u00e9ritablement quitt\u00e9 ses fonctions, mais il a profond\u00e9ment transform\u00e9 le syst\u00e8me constitutionnel, passant d\u2019un mod\u00e8le pr\u00e9sidentiel \u00e0 un mod\u00e8le parlementaire. La pr\u00e9sidence est devenue essentiellement honorifique, tandis que la nouvelle fonction de <em>pr\u00e9sident du Conseil des ministres<\/em> est devenue le centre du pouvoir ex\u00e9cutif, poste que Faure a pris en mai 2025. En vertu de l\u2019article 50 de la nouvelle Constitution, le pr\u00e9sident du Conseil est le chef du gouvernement, pr\u00e9side le Conseil des ministres et commande les forces arm\u00e9es et les services de s\u00e9curit\u00e9. En outre, il d\u00e9finit la politique nationale, conduit la politique \u00e9trang\u00e8re et exerce d\u2019importants pouvoirs en mati\u00e8re de nominations et de r\u00e9glementation.     <\/p>\n\n<p class=\"wp-block-paragraph\"><strong>Pourquoi il est important de disposer d&rsquo;institutions solides et de limiter la dur\u00e9e du mandat pr\u00e9sidentiel<\/strong> <\/p>\n\n<p class=\"wp-block-paragraph\">La limitation de la dur\u00e9e du mandat pr\u00e9sidentiel rev\u00eat une grande importance, tout comme, \u00e0 plus forte raison, les institutions qui garantissent le bon fonctionnement de l\u2019\u00c9tat. La limitation du nombre de mandats pr\u00e9sidentiels ne se r\u00e9sume pas \u00e0 de simples dispositions constitutionnelles. Elle cr\u00e9e des opportunit\u00e9s institutionnelles pour le renouvellement des dirigeants, r\u00e9duit les incitations pour les titulaires \u00e0 manipuler le syst\u00e8me politique et accro\u00eet les chances d\u2019une alternance politique pacifique (Cassani, 2021 ; Reyntjens, 2020).    <\/p>\n\n<p class=\"wp-block-paragraph\">L&rsquo;alternance politique est nettement plus probable lorsque les pr\u00e9sidents sortants ne se repr\u00e9sentent pas aux \u00e9lections. Cheeseman (2010), par exemple, a constat\u00e9 que les partis d&rsquo;opposition ont nettement plus de chances de remporter les \u00e9lections lorsqu&rsquo;un pr\u00e9sident sortant ne figure pas sur le bulletin de vote. Les exemples du Ghana en 2000, 2009 et 2024 viennent \u00e9tayer ce point de vue. Lorsqu\u2019un pr\u00e9sident sortant conserve une position dominante sur la sc\u00e8ne politique pendant une longue p\u00e9riode, le syst\u00e8me politique peut devenir de plus en plus personnalis\u00e9. Le parti au pouvoir s&rsquo;identifie alors \u00e0 son dirigeant, les institutions de l&rsquo;\u00c9tat s&rsquo;entrem\u00ealent de plus en plus avec le r\u00e9seau politique au pouvoir, et la concurrence politique devient progressivement asym\u00e9trique. Lorsque cela se produit, la d\u00e9mocratie peut survivre sur le plan formel tout en perdant progressivement de sa comp\u00e9titivit\u00e9 sur le fond.       <\/p>\n\n<p class=\"wp-block-paragraph\"><strong>Le d\u00e9fi de la d\u00e9mocratie en Afrique de l&rsquo;Ouest<\/strong> <\/p>\n\n<p class=\"wp-block-paragraph\">La CEDEAO et l\u2019ensemble de la sous-r\u00e9gion de l\u2019Afrique de l\u2019Ouest sont confront\u00e9es \u00e0 un d\u00e9fi d\u00e9mocratique majeur. D\u2019une part, l\u2019Alliance des \u00c9tats d\u2019Afrique de l\u2019Ouest s\u2019est s\u00e9par\u00e9e et a form\u00e9 une nouvelle union. Aucune mesure concr\u00e8te n\u2019a \u00e9t\u00e9 prise pour inverser cette tendance. Les pays de la CEDEAO continuent de collaborer avec eux. Leurs citoyens franchissent les fronti\u00e8res sans obligation de visa. Les protocoles de la CEDEAO s\u2019appliquent toujours \u00e0 eux, tandis que leurs ports sont utilis\u00e9s \u00e0 des fins commerciales. La l\u00e9gitimit\u00e9 d\u00e9mocratique s\u2019affaiblit face \u00e0 des gouvernements qui ne r\u00e9pondent pas aux attentes, \u00e0 la corruption, \u00e0 l\u2019enracinement politique et au sentiment d\u2019avoir des droits acquis. Les jeunes, en particulier, souhaitent des mesures favorisant le d\u00e9veloppement et se demandent si les \u00e9lections permettent d\u2019aboutir \u00e0 ce r\u00e9sultat. M. Traor\u00e9, du Burkina Faso, suscite une admiration croissante \u00e0 travers l\u2019Afrique et repr\u00e9sente une alternative clairement dangereuse pour les jeunes insatisfaits des gouvernements civils.          <\/p>\n\n<p class=\"wp-block-paragraph\">Opalo (2024) a fait valoir que les r\u00e9cents coups d\u2019\u00c9tat en Afrique ne devaient donc pas \u00eatre interpr\u00e9t\u00e9s simplement comme la preuve d\u2019un engouement populaire pour le r\u00e9gime militaire. Ils refl\u00e8tent plut\u00f4t des d\u00e9faillances plus profondes des institutions politiques et des syst\u00e8mes \u00e9lectoraux, notamment l\u2019incapacit\u00e9 des gouvernements \u00e0 am\u00e9liorer les conditions de vie mat\u00e9rielles des citoyens. Dans le m\u00eame temps, le m\u00e9contentement de la population \u00e0 l\u2019\u00e9gard de la politique civile peut cr\u00e9er un terrain propice \u00e0 une intervention militaire.    <\/p>\n\n<p class=\"wp-block-paragraph\">Ces actions sapent l\u2019autorit\u00e9 de la CEDEAO ainsi que sa l\u00e9gitimit\u00e9 globale \u00e0 long terme en mati\u00e8re de d\u00e9mocratie, de paix et de s\u00e9curit\u00e9. Elles pourraient entra\u00eener une instabilit\u00e9, les citoyens partant en grand nombre \u00e0 la recherche de la paix. La CEDEAO doit s\u2019opposer aux coups d\u2019\u00c9tat sans pour autant se poser en d\u00e9fenseur des gouvernements au seul motif qu\u2019ils jouissent d\u2019une l\u00e9gitimit\u00e9 \u00e9lectorale formelle.    <\/p>\n\n<p class=\"wp-block-paragraph\">Sinon, la r\u00e9gion risque de cr\u00e9er une contradiction dangereuse. Les gouvernements militaires sont condamn\u00e9s pour avoir renvers\u00e9 des gouvernements \u00e9lus, tandis que ces derniers sont tol\u00e9r\u00e9s lorsqu&rsquo;ils affaiblissent progressivement les conditions n\u00e9cessaires \u00e0 une v\u00e9ritable concurrence d\u00e9mocratique.   <\/p>\n\n<p class=\"wp-block-paragraph\">Cette contradiction peut, \u00e0 terme, porter atteinte \u00e0 la l\u00e9gitimit\u00e9 m\u00eame de la gouvernance d\u00e9mocratique.  <\/p>\n\n<p class=\"wp-block-paragraph\"><strong>Enseignements pour l&rsquo;Afrique de l&rsquo;Ouest  <\/strong> <\/p>\n\n<p class=\"wp-block-paragraph\">L&rsquo;exp\u00e9rience du B\u00e9nin, marqu\u00e9e par la pr\u00e9sidence du S\u00e9nat assur\u00e9e par Talon, ne justifie ni r\u00e9jouissances ni condamnations. Elle exige plut\u00f4t de la CEDEAO qu&rsquo;elle fasse preuve d&rsquo;une vigilance particuli\u00e8re et qu&rsquo;elle suive de pr\u00e8s les \u00e9v\u00e9nements qui s&rsquo;y d\u00e9roulent. Parmi les enseignements tir\u00e9s de la pr\u00e9sidence du S\u00e9nat assur\u00e9e par Talon, on peut citer les suivants :    <\/p>\n\n<ol start=\"1\" class=\"wp-block-list\">\n<li>La limitation des mandats est n\u00e9cessaire, mais insuffisante. Elle reste un garde-fou essentiel contre l&rsquo;autocratie. Toutefois, elle n&rsquo;est efficace que si elle s&rsquo;accompagne d&rsquo;une v\u00e9ritable concurrence politique et d&rsquo;une ind\u00e9pendance institutionnelle (Reyntjens, 2020 ; Tull &amp; Simons, 2017).    <\/li>\n<\/ol>\n\n<ol start=\"2\" class=\"wp-block-list\">\n<li>  La succession politique ou \u00e0 la t\u00eate de l&rsquo;\u00c9tat ne doit pas se limiter \u00e0 un simple changement de personne. Le passage de Talon \u00e0 Wadagni marque une succession pr\u00e9sidentielle. La v\u00e9ritable question est de savoir s&rsquo;il s&rsquo;agit d&rsquo;une v\u00e9ritable alternance politique.    <\/li>\n<\/ol>\n\n<ol start=\"3\" class=\"wp-block-list\">\n<li>Les anciens pr\u00e9sidents ne devraient pas devenir des figures politiques permanentes. Les anciens dirigeants peuvent contribuer \u00e0 la vie nationale. Mais les institutions d\u00e9mocratiques doivent emp\u00eacher l&rsquo;\u00e9mergence de syst\u00e8mes informels dans lesquels les anciens pr\u00e9sidents conservent une influence d\u00e9cisive sur leurs successeurs.    <\/li>\n<\/ol>\n\n<ol start=\"4\" class=\"wp-block-list\">\n<li>Une r\u00e9forme constitutionnelle n\u00e9cessite un large consensus. L&rsquo;architecture constitutionnelle devrait renforcer les institutions plut\u00f4t que de prot\u00e9ger les responsables politiques en place.   <\/li>\n<\/ol>\n\n<p class=\"wp-block-paragraph\">5. La CEDEAO doit d\u00e9fendre les fondements de la d\u00e9mocratie. Elle devrait s&rsquo;opposer tant aux coups d&rsquo;\u00c9tat militaires qu&rsquo;aux pratiques civiles qui affaiblissent progressivement la concurrence d\u00e9mocratique. Le choix ne devrait pas se r\u00e9sumer \u00e0 une opposition entre autoritarisme militaire et autoritarisme \u00e9lectoral. Les Africains de l&rsquo;Ouest m\u00e9ritent une v\u00e9ritable d\u00e9mocratie constitutionnelle.     <\/p>\n\n<p class=\"wp-block-paragraph\"><strong>Conclusion<\/strong> <\/p>\n\n<p class=\"wp-block-paragraph\">L\u2019exp\u00e9rience de la C\u00f4te d\u2019Ivoire et du Togo met en \u00e9vidence les dangers li\u00e9s \u00e0 l\u2019affaiblissement du principe de l\u2019alternance pr\u00e9sidentielle. Ce qu\u2019a fait le B\u00e9nin constitue un test pour les efforts d\u00e9ploy\u00e9s par la CEDEAO en vue d\u2019approfondir la d\u00e9mocratie. La d\u00e9mocratie ne se r\u00e9sume pas \u00e0 la mani\u00e8re dont les pr\u00e9sidents acc\u00e8dent au pouvoir. Elle consiste \u00e0 savoir s\u2019ils peuvent quitter leurs fonctions \u2014 et si le pouvoir politique passe v\u00e9ritablement entre d\u2019autres mains.     <\/p>\n\n<p class=\"wp-block-paragraph\">La C\u00f4te d\u2019Ivoire et le Togo ont mis en \u00e9vidence les dangers li\u00e9s \u00e0 la prolongation du mandat pr\u00e9sidentiel. Le B\u00e9nin pose d\u00e9sormais un nouveau d\u00e9fi \u00e0 l\u2019Afrique de l\u2019Ouest : un pr\u00e9sident peut-il quitter le palais pr\u00e9sidentiel et c\u00e9der v\u00e9ritablement le pouvoir ? La r\u00e9ponse d\u00e9terminera si la pr\u00e9sidence du S\u00e9nat de Patrice Talon deviendra un exemple d\u2019institutionnalisation d\u00e9mocratique r\u00e9ussie \u2014 ou l\u2019illustration d\u2019une nouvelle forme de continuit\u00e9 politique. La CEDEAO et les institutions ouest-africaines doivent se prononcer.     <\/p>\n\n<p class=\"wp-block-paragraph\">R\u00e9f\u00e9rences  <\/p>\n\n<p class=\"wp-block-paragraph\">Abatan, J. E. (6 mai 2026). <em>Le B\u00e9nin confie \u00e0 Romuald Wadagni une mission de croissance et un d\u00e9fi d\u00e9mocratique<\/em>. Institut d&rsquo;\u00e9tudes sur la s\u00e9curit\u00e9.   <\/p>\n\n<p class=\"wp-block-paragraph\">Abebe, A. K. (2024). La (ill\u00e9gitimit\u00e9) des r\u00e9visions constitutionnelles en Afrique et le recul d\u00e9mocratique. <em>Asian Journal of Comparative Law<\/em>. <a href=\"https:\/\/doi.org\/10.1017\/asjcl.2024.26\" target=\"_blank\" rel=\"noopener\">https:\/\/doi.org\/10.1017\/asjcl.2024.26<\/a>  <\/p>\n\n<p class=\"wp-block-paragraph\">Africanews. (6 ao\u00fbt 2026). <em>Talon fait son retour sur le devant de la sc\u00e8ne politique en tant que premier pr\u00e9sident du S\u00e9nat du B\u00e9nin<\/em>.   <\/p>\n\n<p class=\"wp-block-paragraph\">Arthur, P. (2025). Lutter contre la vague de recul d\u00e9mocratique et la crise de la d\u00e9mocratie en Afrique de l&rsquo;Ouest. <em>Insight on Africa, 17<\/em>(2), 213\u2013234. <a href=\"https:\/\/doi.org\/10.1177\/09750878241312188\" target=\"_blank\" rel=\"noopener\">https:\/\/doi.org\/10.1177\/09750878241312188<\/a>  <\/p>\n\n<p class=\"wp-block-paragraph\">Associated Press. (25 octobre 2025). <em>Le pr\u00e9sident sortant de la C\u00f4te d&rsquo;Ivoire, Ouattara, brigue un quatri\u00e8me mandat controvers\u00e9<\/em>.   <\/p>\n\n<p class=\"wp-block-paragraph\">Associated Press. (14 avril 2026). <em>Le ministre des Finances du B\u00e9nin, Romuald Wadagni, a \u00e9t\u00e9 \u00e9lu pr\u00e9sident \u00e0 une large majorit\u00e9<\/em>.   <\/p>\n\n<p class=\"wp-block-paragraph\">Campion, S., &amp; Jegab, A. M. (2023). Les organismes africains de gestion \u00e9lectorale \u00e0 l\u2019\u00e8re du recul d\u00e9mocratique. <em>South African Journal of International Affairs, 30<\/em>(3), 375\u2013394. <a href=\"https:\/\/doi.org\/10.1080\/10220461.2023.2274852\" target=\"_blank\" rel=\"noopener\">https:\/\/doi.org\/10.1080\/10220461.2023.2274852<\/a>  <\/p>\n\n<p class=\"wp-block-paragraph\">Cassani, A. (2021). Autocratisation par la manipulation des limites de mandats en Afrique subsaharienne. <em>Africa Spectrum, 56<\/em>(3), 231\u2013252. <a href=\"https:\/\/doi.org\/10.1177\/0002039720964218\" target=\"_blank\" rel=\"noopener\">https:\/\/doi.org\/10.1177\/0002039720964218<\/a>  <\/p>\n\n<p class=\"wp-block-paragraph\">Cheeseman, N. (2010). Les \u00e9lections africaines, vecteurs de changement. <em>Journal of Democracy, 21<\/em>(4), p. 139-153.   <\/p>\n\n<p class=\"wp-block-paragraph\">Opalo, K. O. (2024). La v\u00e9rit\u00e9 sur les coups d&rsquo;\u00c9tat en Afrique. <em>Journal of Democracy, 35<\/em>(2), p. 93-107.   <\/p>\n\n<p class=\"wp-block-paragraph\">Reuters. (15 octobre 2025). <em>Des candidats se pr\u00e9sentent aux \u00e9lections en C\u00f4te d&rsquo;Ivoire alors qu&rsquo;Alassane Ouattara brigue un quatri\u00e8me mandat<\/em>.   <\/p>\n\n<p class=\"wp-block-paragraph\">Reuters. (2026). <em>Le pr\u00e9sident b\u00e9ninois Wadagni prend ses fonctions et s&rsquo;engage \u00e0 am\u00e9liorer le niveau de vie et la s\u00e9curit\u00e9<\/em>.   <\/p>\n\n<p class=\"wp-block-paragraph\">Reyntjens, F. (2020). Respect et contournement des limites du mandat pr\u00e9sidentiel en Afrique subsaharienne : une \u00e9tude comparative. <em>African Affairs, 119<\/em>(475), 275\u2013295. <a href=\"https:\/\/doi.org\/10.1093\/afraf\/adz029\" target=\"_blank\" rel=\"noopener\">https:\/\/doi.org\/10.1093\/afraf\/adz029<\/a>  <\/p>\n","protected":false},"excerpt":{"rendered":"<p>Introduction Le paysage ouest-africain, en mati\u00e8re de succession et de direction, \u00e9volue lentement et prend une tournure inqui\u00e9tante. L\u2019\u00e9lection, le 6 ao\u00fbt 2026, de l\u2019ancien pr\u00e9sident du B\u00e9nin, Patrice Talon, \u00e0 la pr\u00e9sidence du S\u00e9nat nouvellement cr\u00e9\u00e9 dans ce pays, repr\u00e9sente bien plus qu\u2019une simple \u00e9volution institutionnelle au B\u00e9nin. Il s\u2019agit d\u2019un \u00e9v\u00e9nement susceptible d\u2019avoir [&hellip;]<\/p>\n","protected":false},"author":3,"featured_media":7464,"comment_status":"open","ping_status":"open","sticky":false,"template":"","format":"standard","meta":{"content-type":"","_uf_show_specific_survey":0,"_uf_disable_surveys":false,"_wp_convertkit_post_meta":{"form":"-1","landing_page":"0","tag":"0","restrict_content":"0"},"jnews-multi-image_gallery":[],"jnews_single_post":[],"jnews_primary_category":[],"jnews_social_meta":[],"jnews_review":[],"enable_review":"","type":"","name":"","summary":"","brand":"","sku":"","good":[],"bad":[],"score_override":"","override_value":"","rating":[],"price":[],"jnews_override_counter":[],"jnews_post_split":[],"footnotes":""},"categories":[188],"tags":[268,334,252],"class_list":["post-7445","post","type-post","status-publish","format-standard","has-post-thumbnail","hentry","category-editorial-fr","tag-268","tag-9e-edition-2026","tag-semaine1"],"yoast_head":"<!-- This site is optimized with the Yoast SEO plugin v28.3 - https:\/\/yoast.com\/product\/yoast-seo-wordpress\/ -->\n<title>La succession politique et l&#039;avenir de la d\u00e9mocratie en Afrique de l&#039;Ouest : le cas de Talon et du B\u00e9nin - CISA NEWSLETTER<\/title>\n<meta name=\"robots\" content=\"index, follow, max-snippet:-1, max-image-preview:large, max-video-preview:-1\" \/>\n<link rel=\"canonical\" href=\"https:\/\/cisanewsletter.com\/fr\/index.php\/la-succession-politique-et-lavenir-de-la-democratie-en-afrique-de-louest-le-cas-de-talon-et-du-benin\/\" \/>\n<meta property=\"og:locale\" content=\"fr_FR\" \/>\n<meta property=\"og:type\" content=\"article\" \/>\n<meta property=\"og:title\" content=\"La succession politique et l&#039;avenir de la d\u00e9mocratie en Afrique de l&#039;Ouest : le cas de Talon et du B\u00e9nin - CISA NEWSLETTER\" \/>\n<meta property=\"og:description\" content=\"Introduction Le paysage ouest-africain, en mati\u00e8re de succession et de direction, \u00e9volue lentement et prend une tournure inqui\u00e9tante. L\u2019\u00e9lection, le 6 ao\u00fbt 2026, de l\u2019ancien pr\u00e9sident du B\u00e9nin, Patrice Talon, \u00e0 la pr\u00e9sidence du S\u00e9nat nouvellement cr\u00e9\u00e9 dans ce pays, repr\u00e9sente bien plus qu\u2019une simple \u00e9volution institutionnelle au B\u00e9nin. Il s\u2019agit d\u2019un \u00e9v\u00e9nement susceptible d\u2019avoir [&hellip;]\" \/>\n<meta property=\"og:url\" content=\"https:\/\/cisanewsletter.com\/fr\/index.php\/la-succession-politique-et-lavenir-de-la-democratie-en-afrique-de-louest-le-cas-de-talon-et-du-benin\/\" \/>\n<meta property=\"og:site_name\" content=\"CISA NEWSLETTER\" \/>\n<meta property=\"article:publisher\" content=\"https:\/\/www.facebook.com\/profile.php?id=61558173539135\" \/>\n<meta property=\"article:published_time\" content=\"2026-09-01T00:03:00+00:00\" \/>\n<meta property=\"article:modified_time\" content=\"2026-09-01T05:09:35+00:00\" \/>\n<meta property=\"og:image\" content=\"https:\/\/cisanewsletter.com\/wp-content\/uploads\/2026\/09\/Political-Succession-and-the-Future-of-Democracy-in-West-Africa-The-Case-of-Talon-and-Benin--1024x683.png\" \/>\n\t<meta property=\"og:image:width\" content=\"1024\" \/>\n\t<meta property=\"og:image:height\" content=\"683\" \/>\n\t<meta property=\"og:image:type\" content=\"image\/png\" \/>\n<meta name=\"author\" content=\"CISA EDITORIAL\" \/>\n<meta name=\"twitter:card\" content=\"summary_large_image\" \/>\n<meta name=\"twitter:creator\" content=\"@CisaSocial\" \/>\n<meta name=\"twitter:site\" content=\"@CisaSocial\" \/>\n<meta name=\"twitter:label1\" content=\"\u00c9crit par\" \/>\n\t<meta name=\"twitter:data1\" content=\"CISA EDITORIAL\" \/>\n\t<meta name=\"twitter:label2\" content=\"Dur\u00e9e de lecture estim\u00e9e\" \/>\n\t<meta name=\"twitter:data2\" content=\"10 minutes\" \/>\n<script type=\"application\/ld+json\" class=\"yoast-schema-graph\">{\"@context\":\"https:\\\/\\\/schema.org\",\"@graph\":[{\"@type\":\"Article\",\"@id\":\"https:\\\/\\\/cisanewsletter.com\\\/fr\\\/index.php\\\/la-succession-politique-et-lavenir-de-la-democratie-en-afrique-de-louest-le-cas-de-talon-et-du-benin\\\/#article\",\"isPartOf\":{\"@id\":\"https:\\\/\\\/cisanewsletter.com\\\/fr\\\/index.php\\\/la-succession-politique-et-lavenir-de-la-democratie-en-afrique-de-louest-le-cas-de-talon-et-du-benin\\\/\"},\"author\":{\"name\":\"CISA EDITORIAL\",\"@id\":\"https:\\\/\\\/cisanewsletter.com\\\/#\\\/schema\\\/person\\\/a0e04c9eece75fa21ae2273867968b01\"},\"headline\":\"La succession politique et l&rsquo;avenir de la d\u00e9mocratie en Afrique de l&rsquo;Ouest : le cas de Talon et du B\u00e9nin\",\"datePublished\":\"2026-09-01T00:03:00+00:00\",\"dateModified\":\"2026-09-01T05:09:35+00:00\",\"mainEntityOfPage\":{\"@id\":\"https:\\\/\\\/cisanewsletter.com\\\/fr\\\/index.php\\\/la-succession-politique-et-lavenir-de-la-democratie-en-afrique-de-louest-le-cas-de-talon-et-du-benin\\\/\"},\"wordCount\":2022,\"commentCount\":0,\"publisher\":{\"@id\":\"https:\\\/\\\/cisanewsletter.com\\\/#organization\"},\"image\":{\"@id\":\"https:\\\/\\\/cisanewsletter.com\\\/fr\\\/index.php\\\/la-succession-politique-et-lavenir-de-la-democratie-en-afrique-de-louest-le-cas-de-talon-et-du-benin\\\/#primaryimage\"},\"thumbnailUrl\":\"https:\\\/\\\/cisanewsletter.com\\\/wp-content\\\/uploads\\\/2026\\\/09\\\/Political-Succession-and-the-Future-of-Democracy-in-West-Africa-The-Case-of-Talon-and-Benin-.png\",\"keywords\":[\"2026\",\"9e \u00e9dition 2026\",\"semaine1\"],\"articleSection\":[\"\u00c9DITORIAL\"],\"inLanguage\":\"fr-FR\",\"potentialAction\":[{\"@type\":\"CommentAction\",\"name\":\"Comment\",\"target\":[\"https:\\\/\\\/cisanewsletter.com\\\/fr\\\/index.php\\\/la-succession-politique-et-lavenir-de-la-democratie-en-afrique-de-louest-le-cas-de-talon-et-du-benin\\\/#respond\"]}]},{\"@type\":\"WebPage\",\"@id\":\"https:\\\/\\\/cisanewsletter.com\\\/fr\\\/index.php\\\/la-succession-politique-et-lavenir-de-la-democratie-en-afrique-de-louest-le-cas-de-talon-et-du-benin\\\/\",\"url\":\"https:\\\/\\\/cisanewsletter.com\\\/fr\\\/index.php\\\/la-succession-politique-et-lavenir-de-la-democratie-en-afrique-de-louest-le-cas-de-talon-et-du-benin\\\/\",\"name\":\"La succession politique et l'avenir de la d\u00e9mocratie en Afrique de l'Ouest : le cas de Talon et du B\u00e9nin - CISA NEWSLETTER\",\"isPartOf\":{\"@id\":\"https:\\\/\\\/cisanewsletter.com\\\/#website\"},\"primaryImageOfPage\":{\"@id\":\"https:\\\/\\\/cisanewsletter.com\\\/fr\\\/index.php\\\/la-succession-politique-et-lavenir-de-la-democratie-en-afrique-de-louest-le-cas-de-talon-et-du-benin\\\/#primaryimage\"},\"image\":{\"@id\":\"https:\\\/\\\/cisanewsletter.com\\\/fr\\\/index.php\\\/la-succession-politique-et-lavenir-de-la-democratie-en-afrique-de-louest-le-cas-de-talon-et-du-benin\\\/#primaryimage\"},\"thumbnailUrl\":\"https:\\\/\\\/cisanewsletter.com\\\/wp-content\\\/uploads\\\/2026\\\/09\\\/Political-Succession-and-the-Future-of-Democracy-in-West-Africa-The-Case-of-Talon-and-Benin-.png\",\"datePublished\":\"2026-09-01T00:03:00+00:00\",\"dateModified\":\"2026-09-01T05:09:35+00:00\",\"breadcrumb\":{\"@id\":\"https:\\\/\\\/cisanewsletter.com\\\/fr\\\/index.php\\\/la-succession-politique-et-lavenir-de-la-democratie-en-afrique-de-louest-le-cas-de-talon-et-du-benin\\\/#breadcrumb\"},\"inLanguage\":\"fr-FR\",\"potentialAction\":[{\"@type\":\"ReadAction\",\"target\":[\"https:\\\/\\\/cisanewsletter.com\\\/fr\\\/index.php\\\/la-succession-politique-et-lavenir-de-la-democratie-en-afrique-de-louest-le-cas-de-talon-et-du-benin\\\/\"]}]},{\"@type\":\"ImageObject\",\"inLanguage\":\"fr-FR\",\"@id\":\"https:\\\/\\\/cisanewsletter.com\\\/fr\\\/index.php\\\/la-succession-politique-et-lavenir-de-la-democratie-en-afrique-de-louest-le-cas-de-talon-et-du-benin\\\/#primaryimage\",\"url\":\"https:\\\/\\\/cisanewsletter.com\\\/wp-content\\\/uploads\\\/2026\\\/09\\\/Political-Succession-and-the-Future-of-Democracy-in-West-Africa-The-Case-of-Talon-and-Benin-.png\",\"contentUrl\":\"https:\\\/\\\/cisanewsletter.com\\\/wp-content\\\/uploads\\\/2026\\\/09\\\/Political-Succession-and-the-Future-of-Democracy-in-West-Africa-The-Case-of-Talon-and-Benin-.png\",\"width\":1536,\"height\":1024,\"caption\":\"Political Succession and the Future of Democracy in West Africa The Case of Talon and Benin\"},{\"@type\":\"BreadcrumbList\",\"@id\":\"https:\\\/\\\/cisanewsletter.com\\\/fr\\\/index.php\\\/la-succession-politique-et-lavenir-de-la-democratie-en-afrique-de-louest-le-cas-de-talon-et-du-benin\\\/#breadcrumb\",\"itemListElement\":[{\"@type\":\"ListItem\",\"position\":1,\"name\":\"Accueil\",\"item\":\"https:\\\/\\\/cisanewsletter.com\\\/fr\\\/index.php\\\/accueil-33\\\/\"},{\"@type\":\"ListItem\",\"position\":2,\"name\":\"La succession politique et l&#8217;avenir de la d\u00e9mocratie en Afrique de l&#8217;Ouest : le cas de Talon et du B\u00e9nin\"}]},{\"@type\":\"WebSite\",\"@id\":\"https:\\\/\\\/cisanewsletter.com\\\/#website\",\"url\":\"https:\\\/\\\/cisanewsletter.com\\\/\",\"name\":\"CISA NEWSLETTER\",\"description\":\"Headlining West African News\",\"publisher\":{\"@id\":\"https:\\\/\\\/cisanewsletter.com\\\/#organization\"},\"potentialAction\":[{\"@type\":\"SearchAction\",\"target\":{\"@type\":\"EntryPoint\",\"urlTemplate\":\"https:\\\/\\\/cisanewsletter.com\\\/?s={search_term_string}\"},\"query-input\":{\"@type\":\"PropertyValueSpecification\",\"valueRequired\":true,\"valueName\":\"search_term_string\"}}],\"inLanguage\":\"fr-FR\"},{\"@type\":\"Organization\",\"@id\":\"https:\\\/\\\/cisanewsletter.com\\\/#organization\",\"name\":\"Centre for Intelligence & Security Analysis Ghana\",\"url\":\"https:\\\/\\\/cisanewsletter.com\\\/\",\"logo\":{\"@type\":\"ImageObject\",\"inLanguage\":\"fr-FR\",\"@id\":\"https:\\\/\\\/cisanewsletter.com\\\/#\\\/schema\\\/logo\\\/image\\\/\",\"url\":\"https:\\\/\\\/cisanewsletter.com\\\/wp-content\\\/uploads\\\/2024\\\/08\\\/cisaghana.png\",\"contentUrl\":\"https:\\\/\\\/cisanewsletter.com\\\/wp-content\\\/uploads\\\/2024\\\/08\\\/cisaghana.png\",\"width\":1055,\"height\":1063,\"caption\":\"Centre for Intelligence & Security Analysis Ghana\"},\"image\":{\"@id\":\"https:\\\/\\\/cisanewsletter.com\\\/#\\\/schema\\\/logo\\\/image\\\/\"},\"sameAs\":[\"https:\\\/\\\/www.facebook.com\\\/profile.php?id=61558173539135\",\"https:\\\/\\\/x.com\\\/CisaSocial\"]},{\"@type\":\"Person\",\"@id\":\"https:\\\/\\\/cisanewsletter.com\\\/#\\\/schema\\\/person\\\/a0e04c9eece75fa21ae2273867968b01\",\"name\":\"CISA EDITORIAL\",\"image\":{\"@type\":\"ImageObject\",\"inLanguage\":\"fr-FR\",\"@id\":\"https:\\\/\\\/secure.gravatar.com\\\/avatar\\\/d5b5396e9e972117bf9689978858ad932691d8aea505d34cd928f27f4a3d94d0?s=96&d=mm&r=g\",\"url\":\"https:\\\/\\\/secure.gravatar.com\\\/avatar\\\/d5b5396e9e972117bf9689978858ad932691d8aea505d34cd928f27f4a3d94d0?s=96&d=mm&r=g\",\"contentUrl\":\"https:\\\/\\\/secure.gravatar.com\\\/avatar\\\/d5b5396e9e972117bf9689978858ad932691d8aea505d34cd928f27f4a3d94d0?s=96&d=mm&r=g\",\"caption\":\"CISA EDITORIAL\"},\"sameAs\":[\"http:\\\/\\\/cisanewsletter.com\"],\"url\":\"https:\\\/\\\/cisanewsletter.com\\\/fr\\\/index.php\\\/author\\\/cisa-editorial\\\/\"}]}<\/script>\n<!-- \/ Yoast SEO plugin. -->","yoast_head_json":{"title":"La succession politique et l'avenir de la d\u00e9mocratie en Afrique de l'Ouest : le cas de Talon et du B\u00e9nin - CISA NEWSLETTER","robots":{"index":"index","follow":"follow","max-snippet":"max-snippet:-1","max-image-preview":"max-image-preview:large","max-video-preview":"max-video-preview:-1"},"canonical":"https:\/\/cisanewsletter.com\/fr\/index.php\/la-succession-politique-et-lavenir-de-la-democratie-en-afrique-de-louest-le-cas-de-talon-et-du-benin\/","og_locale":"fr_FR","og_type":"article","og_title":"La succession politique et l'avenir de la d\u00e9mocratie en Afrique de l'Ouest : le cas de Talon et du B\u00e9nin - CISA NEWSLETTER","og_description":"Introduction Le paysage ouest-africain, en mati\u00e8re de succession et de direction, \u00e9volue lentement et prend une tournure inqui\u00e9tante. L\u2019\u00e9lection, le 6 ao\u00fbt 2026, de l\u2019ancien pr\u00e9sident du B\u00e9nin, Patrice Talon, \u00e0 la pr\u00e9sidence du S\u00e9nat nouvellement cr\u00e9\u00e9 dans ce pays, repr\u00e9sente bien plus qu\u2019une simple \u00e9volution institutionnelle au B\u00e9nin. Il s\u2019agit d\u2019un \u00e9v\u00e9nement susceptible d\u2019avoir [&hellip;]","og_url":"https:\/\/cisanewsletter.com\/fr\/index.php\/la-succession-politique-et-lavenir-de-la-democratie-en-afrique-de-louest-le-cas-de-talon-et-du-benin\/","og_site_name":"CISA NEWSLETTER","article_publisher":"https:\/\/www.facebook.com\/profile.php?id=61558173539135","article_published_time":"2026-09-01T00:03:00+00:00","article_modified_time":"2026-09-01T05:09:35+00:00","og_image":[{"width":1024,"height":683,"url":"https:\/\/cisanewsletter.com\/wp-content\/uploads\/2026\/09\/Political-Succession-and-the-Future-of-Democracy-in-West-Africa-The-Case-of-Talon-and-Benin--1024x683.png","type":"image\/png"}],"author":"CISA EDITORIAL","twitter_card":"summary_large_image","twitter_creator":"@CisaSocial","twitter_site":"@CisaSocial","twitter_misc":{"\u00c9crit par":"CISA EDITORIAL","Dur\u00e9e de lecture estim\u00e9e":"10 minutes"},"schema":{"@context":"https:\/\/schema.org","@graph":[{"@type":"Article","@id":"https:\/\/cisanewsletter.com\/fr\/index.php\/la-succession-politique-et-lavenir-de-la-democratie-en-afrique-de-louest-le-cas-de-talon-et-du-benin\/#article","isPartOf":{"@id":"https:\/\/cisanewsletter.com\/fr\/index.php\/la-succession-politique-et-lavenir-de-la-democratie-en-afrique-de-louest-le-cas-de-talon-et-du-benin\/"},"author":{"name":"CISA EDITORIAL","@id":"https:\/\/cisanewsletter.com\/#\/schema\/person\/a0e04c9eece75fa21ae2273867968b01"},"headline":"La succession politique et l&rsquo;avenir de la d\u00e9mocratie en Afrique de l&rsquo;Ouest : le cas de Talon et du B\u00e9nin","datePublished":"2026-09-01T00:03:00+00:00","dateModified":"2026-09-01T05:09:35+00:00","mainEntityOfPage":{"@id":"https:\/\/cisanewsletter.com\/fr\/index.php\/la-succession-politique-et-lavenir-de-la-democratie-en-afrique-de-louest-le-cas-de-talon-et-du-benin\/"},"wordCount":2022,"commentCount":0,"publisher":{"@id":"https:\/\/cisanewsletter.com\/#organization"},"image":{"@id":"https:\/\/cisanewsletter.com\/fr\/index.php\/la-succession-politique-et-lavenir-de-la-democratie-en-afrique-de-louest-le-cas-de-talon-et-du-benin\/#primaryimage"},"thumbnailUrl":"https:\/\/cisanewsletter.com\/wp-content\/uploads\/2026\/09\/Political-Succession-and-the-Future-of-Democracy-in-West-Africa-The-Case-of-Talon-and-Benin-.png","keywords":["2026","9e \u00e9dition 2026","semaine1"],"articleSection":["\u00c9DITORIAL"],"inLanguage":"fr-FR","potentialAction":[{"@type":"CommentAction","name":"Comment","target":["https:\/\/cisanewsletter.com\/fr\/index.php\/la-succession-politique-et-lavenir-de-la-democratie-en-afrique-de-louest-le-cas-de-talon-et-du-benin\/#respond"]}]},{"@type":"WebPage","@id":"https:\/\/cisanewsletter.com\/fr\/index.php\/la-succession-politique-et-lavenir-de-la-democratie-en-afrique-de-louest-le-cas-de-talon-et-du-benin\/","url":"https:\/\/cisanewsletter.com\/fr\/index.php\/la-succession-politique-et-lavenir-de-la-democratie-en-afrique-de-louest-le-cas-de-talon-et-du-benin\/","name":"La succession politique et l'avenir de la d\u00e9mocratie en Afrique de l'Ouest : le cas de Talon et du B\u00e9nin - CISA NEWSLETTER","isPartOf":{"@id":"https:\/\/cisanewsletter.com\/#website"},"primaryImageOfPage":{"@id":"https:\/\/cisanewsletter.com\/fr\/index.php\/la-succession-politique-et-lavenir-de-la-democratie-en-afrique-de-louest-le-cas-de-talon-et-du-benin\/#primaryimage"},"image":{"@id":"https:\/\/cisanewsletter.com\/fr\/index.php\/la-succession-politique-et-lavenir-de-la-democratie-en-afrique-de-louest-le-cas-de-talon-et-du-benin\/#primaryimage"},"thumbnailUrl":"https:\/\/cisanewsletter.com\/wp-content\/uploads\/2026\/09\/Political-Succession-and-the-Future-of-Democracy-in-West-Africa-The-Case-of-Talon-and-Benin-.png","datePublished":"2026-09-01T00:03:00+00:00","dateModified":"2026-09-01T05:09:35+00:00","breadcrumb":{"@id":"https:\/\/cisanewsletter.com\/fr\/index.php\/la-succession-politique-et-lavenir-de-la-democratie-en-afrique-de-louest-le-cas-de-talon-et-du-benin\/#breadcrumb"},"inLanguage":"fr-FR","potentialAction":[{"@type":"ReadAction","target":["https:\/\/cisanewsletter.com\/fr\/index.php\/la-succession-politique-et-lavenir-de-la-democratie-en-afrique-de-louest-le-cas-de-talon-et-du-benin\/"]}]},{"@type":"ImageObject","inLanguage":"fr-FR","@id":"https:\/\/cisanewsletter.com\/fr\/index.php\/la-succession-politique-et-lavenir-de-la-democratie-en-afrique-de-louest-le-cas-de-talon-et-du-benin\/#primaryimage","url":"https:\/\/cisanewsletter.com\/wp-content\/uploads\/2026\/09\/Political-Succession-and-the-Future-of-Democracy-in-West-Africa-The-Case-of-Talon-and-Benin-.png","contentUrl":"https:\/\/cisanewsletter.com\/wp-content\/uploads\/2026\/09\/Political-Succession-and-the-Future-of-Democracy-in-West-Africa-The-Case-of-Talon-and-Benin-.png","width":1536,"height":1024,"caption":"Political Succession and the Future of Democracy in West Africa The Case of Talon and Benin"},{"@type":"BreadcrumbList","@id":"https:\/\/cisanewsletter.com\/fr\/index.php\/la-succession-politique-et-lavenir-de-la-democratie-en-afrique-de-louest-le-cas-de-talon-et-du-benin\/#breadcrumb","itemListElement":[{"@type":"ListItem","position":1,"name":"Accueil","item":"https:\/\/cisanewsletter.com\/fr\/index.php\/accueil-33\/"},{"@type":"ListItem","position":2,"name":"La succession politique et l&#8217;avenir de la d\u00e9mocratie en Afrique de l&#8217;Ouest : le cas de Talon et du B\u00e9nin"}]},{"@type":"WebSite","@id":"https:\/\/cisanewsletter.com\/#website","url":"https:\/\/cisanewsletter.com\/","name":"CISA NEWSLETTER","description":"Headlining West African News","publisher":{"@id":"https:\/\/cisanewsletter.com\/#organization"},"potentialAction":[{"@type":"SearchAction","target":{"@type":"EntryPoint","urlTemplate":"https:\/\/cisanewsletter.com\/?s={search_term_string}"},"query-input":{"@type":"PropertyValueSpecification","valueRequired":true,"valueName":"search_term_string"}}],"inLanguage":"fr-FR"},{"@type":"Organization","@id":"https:\/\/cisanewsletter.com\/#organization","name":"Centre for Intelligence & Security Analysis Ghana","url":"https:\/\/cisanewsletter.com\/","logo":{"@type":"ImageObject","inLanguage":"fr-FR","@id":"https:\/\/cisanewsletter.com\/#\/schema\/logo\/image\/","url":"https:\/\/cisanewsletter.com\/wp-content\/uploads\/2024\/08\/cisaghana.png","contentUrl":"https:\/\/cisanewsletter.com\/wp-content\/uploads\/2024\/08\/cisaghana.png","width":1055,"height":1063,"caption":"Centre for Intelligence & Security Analysis Ghana"},"image":{"@id":"https:\/\/cisanewsletter.com\/#\/schema\/logo\/image\/"},"sameAs":["https:\/\/www.facebook.com\/profile.php?id=61558173539135","https:\/\/x.com\/CisaSocial"]},{"@type":"Person","@id":"https:\/\/cisanewsletter.com\/#\/schema\/person\/a0e04c9eece75fa21ae2273867968b01","name":"CISA EDITORIAL","image":{"@type":"ImageObject","inLanguage":"fr-FR","@id":"https:\/\/secure.gravatar.com\/avatar\/d5b5396e9e972117bf9689978858ad932691d8aea505d34cd928f27f4a3d94d0?s=96&d=mm&r=g","url":"https:\/\/secure.gravatar.com\/avatar\/d5b5396e9e972117bf9689978858ad932691d8aea505d34cd928f27f4a3d94d0?s=96&d=mm&r=g","contentUrl":"https:\/\/secure.gravatar.com\/avatar\/d5b5396e9e972117bf9689978858ad932691d8aea505d34cd928f27f4a3d94d0?s=96&d=mm&r=g","caption":"CISA EDITORIAL"},"sameAs":["http:\/\/cisanewsletter.com"],"url":"https:\/\/cisanewsletter.com\/fr\/index.php\/author\/cisa-editorial\/"}]}},"_links":{"self":[{"href":"https:\/\/cisanewsletter.com\/fr\/index.php\/wp-json\/wp\/v2\/posts\/7445","targetHints":{"allow":["GET"]}}],"collection":[{"href":"https:\/\/cisanewsletter.com\/fr\/index.php\/wp-json\/wp\/v2\/posts"}],"about":[{"href":"https:\/\/cisanewsletter.com\/fr\/index.php\/wp-json\/wp\/v2\/types\/post"}],"author":[{"embeddable":true,"href":"https:\/\/cisanewsletter.com\/fr\/index.php\/wp-json\/wp\/v2\/users\/3"}],"replies":[{"embeddable":true,"href":"https:\/\/cisanewsletter.com\/fr\/index.php\/wp-json\/wp\/v2\/comments?post=7445"}],"version-history":[{"count":1,"href":"https:\/\/cisanewsletter.com\/fr\/index.php\/wp-json\/wp\/v2\/posts\/7445\/revisions"}],"predecessor-version":[{"id":7447,"href":"https:\/\/cisanewsletter.com\/fr\/index.php\/wp-json\/wp\/v2\/posts\/7445\/revisions\/7447"}],"wp:featuredmedia":[{"embeddable":true,"href":"https:\/\/cisanewsletter.com\/fr\/index.php\/wp-json\/wp\/v2\/media\/7464"}],"wp:attachment":[{"href":"https:\/\/cisanewsletter.com\/fr\/index.php\/wp-json\/wp\/v2\/media?parent=7445"}],"wp:term":[{"taxonomy":"category","embeddable":true,"href":"https:\/\/cisanewsletter.com\/fr\/index.php\/wp-json\/wp\/v2\/categories?post=7445"},{"taxonomy":"post_tag","embeddable":true,"href":"https:\/\/cisanewsletter.com\/fr\/index.php\/wp-json\/wp\/v2\/tags?post=7445"}],"curies":[{"name":"wp","href":"https:\/\/api.w.org\/{rel}","templated":true}]}}